{"id":49,"date":"2024-01-05T03:56:26","date_gmt":"2024-01-05T03:56:26","guid":{"rendered":"https:\/\/dinamicastereo.com\/?p=49"},"modified":"2024-03-23T16:18:56","modified_gmt":"2024-03-23T16:18:56","slug":"vanessa-torres-guette-alcaldesa-24-27-de-campo-de-la-cruz","status":"publish","type":"post","link":"https:\/\/dinamicastereo.com\/index.php\/2024\/01\/05\/vanessa-torres-guette-alcaldesa-24-27-de-campo-de-la-cruz\/","title":{"rendered":"Vanessa Torres Guette, Alcaldesa 24\/27 de Campo de la Cruz."},"content":{"rendered":"\n<p class=\"wp-block-paragraph\">La nueva alcaldesa de Campo de la Cruz, un municipio del departamento del Atl\u00e1ntico, al norte de Colombia. Fue elegida el pasado 29 de octubre de 2023 con el 60,31% de los votos, superando ampliamente a su rival Jos\u00e9 de Le\u00f3n Marenco, que obtuvo el 37,81%.<\/p>\n\n\n\n<p class=\"wp-block-paragraph\">Torres Guette y su programa de gobierno se enfoca en cuatro ejes: desarrollo social, desarrollo econ\u00f3mico, desarrollo ambiental y desarrollo institucional. Entre sus principales propuestas se encuentran: mejorar la calidad de vida de la poblaci\u00f3n, especialmente de los sectores m\u00e1s vulnerables; impulsar el turismo, la agricultura y la pesca como motores de la econom\u00eda local; proteger los recursos naturales y mitigar los efectos del cambio clim\u00e1tico; y fortalecer la participaci\u00f3n ciudadana y la transparencia en la gesti\u00f3n p\u00fablica.\u00a0<\/p>\n","protected":false},"excerpt":{"rendered":"<p>La nueva alcaldesa de Campo de la Cruz, un municipio del departamento del Atl\u00e1ntico, al norte de Colombia.<\/p>\n","protected":false},"author":1,"featured_media":47,"comment_status":"closed","ping_status":"open","sticky":false,"template":"","format":"standard","meta":{"om_disable_all_campaigns":false,"_monsterinsights_skip_tracking":false,"_kadence_starter_templates_imported_post":false,"_joinchat":[],"footnotes":""},"categories":[1,5],"tags":[],"class_list":["post-49","post","type-post","status-publish","format-standard","has-post-thumbnail","hentry","category-blog","category-noticia"],"aioseo_notices":[],"aioseo_head":"\n\t\t<!-- All in One SEO 5.0.0.1 - aioseo.com -->\n\t<meta name=\"description\" content=\"La nueva alcaldesa de Campo de la Cruz, un municipio del departamento del Atl\u00e1ntico, al norte de Colombia. Fue elegida el pasado 29 de octubre de 2023 con el 60,31% de los votos, superando ampliamente a su rival Jos\u00e9 de Le\u00f3n Marenco, que obtuvo el 37,81%. Torres Guette y su programa de gobierno se enfoca \ud83e\udd1d\" \/>\n\t<meta name=\"robots\" content=\"max-image-preview:large\" \/>\n\t<meta name=\"author\" content=\"dinamicastereo.com\"\/>\n\t<meta name=\"google-site-verification\" content=\"RTbwPdCdlPE9ev7OjXGLk3kH-lj4gpOaxwbReNEfeLo\" \/>\n\t<meta name=\"msvalidate.01\" content=\"9E15B23CA8ABCE4DB6AF7DA9AB164B24\" \/>\n\t<link rel=\"canonical\" href=\"https:\/\/dinamicastereo.com\/index.php\/2024\/01\/05\/vanessa-torres-guette-alcaldesa-24-27-de-campo-de-la-cruz\/\" \/>\n\t<meta name=\"generator\" content=\"All in One SEO (AIOSEO) 5.0.0.1\" \/>\n\t\t<meta property=\"og:locale\" content=\"es_ES\" \/>\n\t\t<meta property=\"og:site_name\" content=\"Din\u00e1mica Stereo 101.6 FM (HKB80) - Emisora Comunitaria de Campo de la Cruz, Atlco, Col.\" \/>\n\t\t<meta property=\"og:type\" content=\"article\" \/>\n\t\t<meta property=\"og:title\" content=\"Vanessa Torres Guette, Alcaldesa 24\/27 de Campo de la Cruz. - \ud83d\udc4d septiembre 6, 2026\" \/>\n\t\t<meta property=\"og:description\" content=\"La nueva alcaldesa de Campo de la Cruz, un municipio del departamento del Atl\u00e1ntico, al norte de Colombia. Fue elegida el pasado 29 de octubre de 2023 con el 60,31% de los votos, superando ampliamente a su rival Jos\u00e9 de Le\u00f3n Marenco, que obtuvo el 37,81%. Torres Guette y su programa de gobierno se enfoca \ud83e\udd1d\" \/>\n\t\t<meta property=\"og:url\" content=\"https:\/\/dinamicastereo.com\/index.php\/2024\/01\/05\/vanessa-torres-guette-alcaldesa-24-27-de-campo-de-la-cruz\/\" \/>\n\t\t<meta property=\"og:image\" content=\"https:\/\/dinamicastereo.com\/wp-content\/uploads\/2024\/01\/vanessa-torres.png\" \/>\n\t\t<meta property=\"og:image:secure_url\" content=\"https:\/\/dinamicastereo.com\/wp-content\/uploads\/2024\/01\/vanessa-torres.png\" \/>\n\t\t<meta property=\"og:image:width\" content=\"476\" \/>\n\t\t<meta property=\"og:image:height\" content=\"449\" \/>\n\t\t<meta property=\"article:published_time\" content=\"2024-01-05T03:56:26+00:00\" \/>\n\t\t<meta property=\"article:modified_time\" content=\"2024-03-23T16:18:56+00:00\" \/>\n\t\t<meta property=\"article:publisher\" content=\"https:\/\/www.facebook.com\/dinamicastereo\/\" \/>\n\t\t<meta name=\"twitter:card\" content=\"summary_large_image\" \/>\n\t\t<meta name=\"twitter:site\" content=\"@DinamicaStereo\" \/>\n\t\t<meta name=\"twitter:title\" content=\"Vanessa Torres Guette, Alcaldesa 24\/27 de Campo de la Cruz. - \ud83d\udc4d septiembre 6, 2026\" \/>\n\t\t<meta name=\"twitter:description\" content=\"La nueva alcaldesa de Campo de la Cruz, un municipio del departamento del Atl\u00e1ntico, al norte de Colombia. Fue elegida el pasado 29 de octubre de 2023 con el 60,31% de los votos, superando ampliamente a su rival Jos\u00e9 de Le\u00f3n Marenco, que obtuvo el 37,81%. Torres Guette y su programa de gobierno se enfoca \ud83e\udd1d\" \/>\n\t\t<meta name=\"twitter:creator\" content=\"@DinamicaStereo\" \/>\n\t\t<meta name=\"twitter:image\" content=\"https:\/\/dinamicastereo.com\/wp-content\/uploads\/2024\/01\/vanessa-torres.png\" \/>\n\t\t<script type=\"application\/ld+json\" class=\"aioseo-schema\">\n\t\t\t{\"@context\":\"https:\\\/\\\/schema.org\",\"@graph\":[{\"@type\":\"BlogPosting\",\"@id\":\"https:\\\/\\\/dinamicastereo.com\\\/index.php\\\/2024\\\/01\\\/05\\\/vanessa-torres-guette-alcaldesa-24-27-de-campo-de-la-cruz\\\/#blogposting\",\"name\":\"Vanessa Torres Guette, Alcaldesa 24\\\/27 de Campo de la Cruz. - \\ud83d\\udc4d septiembre 6, 2026\",\"headline\":\"Vanessa Torres Guette, Alcaldesa 24\\\/27 de Campo de la Cruz.\",\"author\":{\"@id\":\"https:\\\/\\\/dinamicastereo.com\\\/index.php\\\/author\\\/dinamicastereo-com\\\/#author\"},\"publisher\":{\"@id\":\"https:\\\/\\\/dinamicastereo.com\\\/#organization\"},\"image\":{\"@type\":\"ImageObject\",\"url\":\"https:\\\/\\\/dinamicastereo.com\\\/wp-content\\\/uploads\\\/2024\\\/01\\\/vanessa-torres.png\",\"width\":476,\"height\":449},\"datePublished\":\"2024-01-05T03:56:26+00:00\",\"dateModified\":\"2024-03-23T16:18:56+00:00\",\"inLanguage\":\"es-CO\",\"mainEntityOfPage\":{\"@id\":\"https:\\\/\\\/dinamicastereo.com\\\/index.php\\\/2024\\\/01\\\/05\\\/vanessa-torres-guette-alcaldesa-24-27-de-campo-de-la-cruz\\\/#webpage\"},\"isPartOf\":{\"@id\":\"https:\\\/\\\/dinamicastereo.com\\\/index.php\\\/2024\\\/01\\\/05\\\/vanessa-torres-guette-alcaldesa-24-27-de-campo-de-la-cruz\\\/#webpage\"},\"articleSection\":\"Blog, Noticia\"},{\"@type\":\"BreadcrumbList\",\"@id\":\"https:\\\/\\\/dinamicastereo.com\\\/index.php\\\/2024\\\/01\\\/05\\\/vanessa-torres-guette-alcaldesa-24-27-de-campo-de-la-cruz\\\/#breadcrumblist\",\"itemListElement\":[{\"@type\":\"ListItem\",\"@id\":\"https:\\\/\\\/dinamicastereo.com#listItem\",\"position\":1,\"name\":\"Home\",\"item\":\"https:\\\/\\\/dinamicastereo.com\",\"nextItem\":{\"@type\":\"ListItem\",\"@id\":\"https:\\\/\\\/dinamicastereo.com\\\/index.php\\\/category\\\/blog\\\/#listItem\",\"name\":\"Blog\"}},{\"@type\":\"ListItem\",\"@id\":\"https:\\\/\\\/dinamicastereo.com\\\/index.php\\\/category\\\/blog\\\/#listItem\",\"position\":2,\"name\":\"Blog\",\"item\":\"https:\\\/\\\/dinamicastereo.com\\\/index.php\\\/category\\\/blog\\\/\",\"nextItem\":{\"@type\":\"ListItem\",\"@id\":\"https:\\\/\\\/dinamicastereo.com\\\/index.php\\\/2024\\\/01\\\/05\\\/vanessa-torres-guette-alcaldesa-24-27-de-campo-de-la-cruz\\\/#listItem\",\"name\":\"Vanessa Torres Guette, Alcaldesa 24\\\/27 de Campo de la Cruz.\"},\"previousItem\":{\"@type\":\"ListItem\",\"@id\":\"https:\\\/\\\/dinamicastereo.com#listItem\",\"name\":\"Home\"}},{\"@type\":\"ListItem\",\"@id\":\"https:\\\/\\\/dinamicastereo.com\\\/index.php\\\/2024\\\/01\\\/05\\\/vanessa-torres-guette-alcaldesa-24-27-de-campo-de-la-cruz\\\/#listItem\",\"position\":3,\"name\":\"Vanessa Torres Guette, Alcaldesa 24\\\/27 de Campo de la Cruz.\",\"previousItem\":{\"@type\":\"ListItem\",\"@id\":\"https:\\\/\\\/dinamicastereo.com\\\/index.php\\\/category\\\/blog\\\/#listItem\",\"name\":\"Blog\"}}]},{\"@type\":\"Organization\",\"@id\":\"https:\\\/\\\/dinamicastereo.com\\\/#organization\",\"name\":\"dinamicastereo.com\",\"description\":\"Emisora Comunitaria de Campo de la Cruz, Atlco, Col.\",\"url\":\"https:\\\/\\\/dinamicastereo.com\\\/\",\"telephone\":\"+573006258259\",\"logo\":{\"@type\":\"ImageObject\",\"url\":\"https:\\\/\\\/dinamicastereo.com\\\/wp-content\\\/uploads\\\/2023\\\/12\\\/Dinamica-ST-ok.png\",\"@id\":\"https:\\\/\\\/dinamicastereo.com\\\/index.php\\\/2024\\\/01\\\/05\\\/vanessa-torres-guette-alcaldesa-24-27-de-campo-de-la-cruz\\\/#organizationLogo\",\"width\":640,\"height\":640},\"image\":{\"@id\":\"https:\\\/\\\/dinamicastereo.com\\\/index.php\\\/2024\\\/01\\\/05\\\/vanessa-torres-guette-alcaldesa-24-27-de-campo-de-la-cruz\\\/#organizationLogo\"},\"sameAs\":[\"https:\\\/\\\/www.facebook.com\\\/dinamicastereo\\\/\",\"https:\\\/\\\/twitter.com\\\/DinamicaStereo\",\"https:\\\/\\\/www.instagram.com\\\/dinamicafmstereo\\\/?hl=it\"]},{\"@type\":\"Person\",\"@id\":\"https:\\\/\\\/dinamicastereo.com\\\/index.php\\\/author\\\/dinamicastereo-com\\\/#author\",\"url\":\"https:\\\/\\\/dinamicastereo.com\\\/index.php\\\/author\\\/dinamicastereo-com\\\/\",\"name\":\"dinamicastereo.com\",\"image\":{\"@type\":\"ImageObject\",\"@id\":\"https:\\\/\\\/dinamicastereo.com\\\/index.php\\\/2024\\\/01\\\/05\\\/vanessa-torres-guette-alcaldesa-24-27-de-campo-de-la-cruz\\\/#authorImage\",\"url\":\"https:\\\/\\\/secure.gravatar.com\\\/avatar\\\/c789a1cde33752ad1bad6594c409c57f58eb67241781a41346d3fef1805556cc?s=96&d=mm&r=g\",\"width\":96,\"height\":96,\"caption\":\"dinamicastereo.com\"}},{\"@type\":\"WebPage\",\"@id\":\"https:\\\/\\\/dinamicastereo.com\\\/index.php\\\/2024\\\/01\\\/05\\\/vanessa-torres-guette-alcaldesa-24-27-de-campo-de-la-cruz\\\/#webpage\",\"url\":\"https:\\\/\\\/dinamicastereo.com\\\/index.php\\\/2024\\\/01\\\/05\\\/vanessa-torres-guette-alcaldesa-24-27-de-campo-de-la-cruz\\\/\",\"name\":\"Vanessa Torres Guette, Alcaldesa 24\\\/27 de Campo de la Cruz. - \\ud83d\\udc4d septiembre 6, 2026\",\"description\":\"La nueva alcaldesa de Campo de la Cruz, un municipio del departamento del Atl\\u00e1ntico, al norte de Colombia. Fue elegida el pasado 29 de octubre de 2023 con el 60,31% de los votos, superando ampliamente a su rival Jos\\u00e9 de Le\\u00f3n Marenco, que obtuvo el 37,81%. Torres Guette y su programa de gobierno se enfoca \\ud83e\\udd1d\",\"inLanguage\":\"es-CO\",\"isPartOf\":{\"@id\":\"https:\\\/\\\/dinamicastereo.com\\\/#website\"},\"breadcrumb\":{\"@id\":\"https:\\\/\\\/dinamicastereo.com\\\/index.php\\\/2024\\\/01\\\/05\\\/vanessa-torres-guette-alcaldesa-24-27-de-campo-de-la-cruz\\\/#breadcrumblist\"},\"author\":{\"@id\":\"https:\\\/\\\/dinamicastereo.com\\\/index.php\\\/author\\\/dinamicastereo-com\\\/#author\"},\"creator\":{\"@id\":\"https:\\\/\\\/dinamicastereo.com\\\/index.php\\\/author\\\/dinamicastereo-com\\\/#author\"},\"image\":{\"@type\":\"ImageObject\",\"url\":\"https:\\\/\\\/dinamicastereo.com\\\/wp-content\\\/uploads\\\/2024\\\/01\\\/vanessa-torres.png\",\"@id\":\"https:\\\/\\\/dinamicastereo.com\\\/index.php\\\/2024\\\/01\\\/05\\\/vanessa-torres-guette-alcaldesa-24-27-de-campo-de-la-cruz\\\/#mainImage\",\"width\":476,\"height\":449},\"primaryImageOfPage\":{\"@id\":\"https:\\\/\\\/dinamicastereo.com\\\/index.php\\\/2024\\\/01\\\/05\\\/vanessa-torres-guette-alcaldesa-24-27-de-campo-de-la-cruz\\\/#mainImage\"},\"datePublished\":\"2024-01-05T03:56:26+00:00\",\"dateModified\":\"2024-03-23T16:18:56+00:00\"},{\"@type\":\"WebSite\",\"@id\":\"https:\\\/\\\/dinamicastereo.com\\\/#website\",\"url\":\"https:\\\/\\\/dinamicastereo.com\\\/\",\"name\":\"dinamicastereo.com\",\"description\":\"Emisora Comunitaria de Campo de la Cruz, Atlco, Col.\",\"inLanguage\":\"es-CO\",\"publisher\":{\"@id\":\"https:\\\/\\\/dinamicastereo.com\\\/#organization\"}}]}\n\t\t<\/script>\n\t\t<!-- All in One SEO -->\n\n","aioseo_head_json":{"title":"Vanessa Torres Guette, Alcaldesa 24\/27 de Campo de la Cruz. - \ud83d\udc4d septiembre 6, 2026","description":"La nueva alcaldesa de Campo de la Cruz, un municipio del departamento del Atl\u00e1ntico, al norte de Colombia. Fue elegida el pasado 29 de octubre de 2023 con el 60,31% de los votos, superando ampliamente a su rival Jos\u00e9 de Le\u00f3n Marenco, que obtuvo el 37,81%. Torres Guette y su programa de gobierno se enfoca \ud83e\udd1d","canonical_url":"https:\/\/dinamicastereo.com\/index.php\/2024\/01\/05\/vanessa-torres-guette-alcaldesa-24-27-de-campo-de-la-cruz\/","robots":"max-image-preview:large","keywords":"","webmasterTools":{"google-site-verification":"RTbwPdCdlPE9ev7OjXGLk3kH-lj4gpOaxwbReNEfeLo","msvalidate.01":"9E15B23CA8ABCE4DB6AF7DA9AB164B24","miscellaneous":""},"schema":{"@context":"https:\/\/schema.org","@graph":[{"@type":"BlogPosting","@id":"https:\/\/dinamicastereo.com\/index.php\/2024\/01\/05\/vanessa-torres-guette-alcaldesa-24-27-de-campo-de-la-cruz\/#blogposting","name":"Vanessa Torres Guette, Alcaldesa 24\/27 de Campo de la Cruz. - \ud83d\udc4d septiembre 6, 2026","headline":"Vanessa Torres Guette, Alcaldesa 24\/27 de Campo de la Cruz.","author":{"@id":"https:\/\/dinamicastereo.com\/index.php\/author\/dinamicastereo-com\/#author"},"publisher":{"@id":"https:\/\/dinamicastereo.com\/#organization"},"image":{"@type":"ImageObject","url":"https:\/\/dinamicastereo.com\/wp-content\/uploads\/2024\/01\/vanessa-torres.png","width":476,"height":449},"datePublished":"2024-01-05T03:56:26+00:00","dateModified":"2024-03-23T16:18:56+00:00","inLanguage":"es-CO","mainEntityOfPage":{"@id":"https:\/\/dinamicastereo.com\/index.php\/2024\/01\/05\/vanessa-torres-guette-alcaldesa-24-27-de-campo-de-la-cruz\/#webpage"},"isPartOf":{"@id":"https:\/\/dinamicastereo.com\/index.php\/2024\/01\/05\/vanessa-torres-guette-alcaldesa-24-27-de-campo-de-la-cruz\/#webpage"},"articleSection":"Blog, Noticia"},{"@type":"BreadcrumbList","@id":"https:\/\/dinamicastereo.com\/index.php\/2024\/01\/05\/vanessa-torres-guette-alcaldesa-24-27-de-campo-de-la-cruz\/#breadcrumblist","itemListElement":[{"@type":"ListItem","@id":"https:\/\/dinamicastereo.com#listItem","position":1,"name":"Home","item":"https:\/\/dinamicastereo.com","nextItem":{"@type":"ListItem","@id":"https:\/\/dinamicastereo.com\/index.php\/category\/blog\/#listItem","name":"Blog"}},{"@type":"ListItem","@id":"https:\/\/dinamicastereo.com\/index.php\/category\/blog\/#listItem","position":2,"name":"Blog","item":"https:\/\/dinamicastereo.com\/index.php\/category\/blog\/","nextItem":{"@type":"ListItem","@id":"https:\/\/dinamicastereo.com\/index.php\/2024\/01\/05\/vanessa-torres-guette-alcaldesa-24-27-de-campo-de-la-cruz\/#listItem","name":"Vanessa Torres Guette, Alcaldesa 24\/27 de Campo de la Cruz."},"previousItem":{"@type":"ListItem","@id":"https:\/\/dinamicastereo.com#listItem","name":"Home"}},{"@type":"ListItem","@id":"https:\/\/dinamicastereo.com\/index.php\/2024\/01\/05\/vanessa-torres-guette-alcaldesa-24-27-de-campo-de-la-cruz\/#listItem","position":3,"name":"Vanessa Torres Guette, Alcaldesa 24\/27 de Campo de la Cruz.","previousItem":{"@type":"ListItem","@id":"https:\/\/dinamicastereo.com\/index.php\/category\/blog\/#listItem","name":"Blog"}}]},{"@type":"Organization","@id":"https:\/\/dinamicastereo.com\/#organization","name":"dinamicastereo.com","description":"Emisora Comunitaria de Campo de la Cruz, Atlco, Col.","url":"https:\/\/dinamicastereo.com\/","telephone":"+573006258259","logo":{"@type":"ImageObject","url":"https:\/\/dinamicastereo.com\/wp-content\/uploads\/2023\/12\/Dinamica-ST-ok.png","@id":"https:\/\/dinamicastereo.com\/index.php\/2024\/01\/05\/vanessa-torres-guette-alcaldesa-24-27-de-campo-de-la-cruz\/#organizationLogo","width":640,"height":640},"image":{"@id":"https:\/\/dinamicastereo.com\/index.php\/2024\/01\/05\/vanessa-torres-guette-alcaldesa-24-27-de-campo-de-la-cruz\/#organizationLogo"},"sameAs":["https:\/\/www.facebook.com\/dinamicastereo\/","https:\/\/twitter.com\/DinamicaStereo","https:\/\/www.instagram.com\/dinamicafmstereo\/?hl=it"]},{"@type":"Person","@id":"https:\/\/dinamicastereo.com\/index.php\/author\/dinamicastereo-com\/#author","url":"https:\/\/dinamicastereo.com\/index.php\/author\/dinamicastereo-com\/","name":"dinamicastereo.com","image":{"@type":"ImageObject","@id":"https:\/\/dinamicastereo.com\/index.php\/2024\/01\/05\/vanessa-torres-guette-alcaldesa-24-27-de-campo-de-la-cruz\/#authorImage","url":"https:\/\/secure.gravatar.com\/avatar\/c789a1cde33752ad1bad6594c409c57f58eb67241781a41346d3fef1805556cc?s=96&d=mm&r=g","width":96,"height":96,"caption":"dinamicastereo.com"}},{"@type":"WebPage","@id":"https:\/\/dinamicastereo.com\/index.php\/2024\/01\/05\/vanessa-torres-guette-alcaldesa-24-27-de-campo-de-la-cruz\/#webpage","url":"https:\/\/dinamicastereo.com\/index.php\/2024\/01\/05\/vanessa-torres-guette-alcaldesa-24-27-de-campo-de-la-cruz\/","name":"Vanessa Torres Guette, Alcaldesa 24\/27 de Campo de la Cruz. - \ud83d\udc4d septiembre 6, 2026","description":"La nueva alcaldesa de Campo de la Cruz, un municipio del departamento del Atl\u00e1ntico, al norte de Colombia. Fue elegida el pasado 29 de octubre de 2023 con el 60,31% de los votos, superando ampliamente a su rival Jos\u00e9 de Le\u00f3n Marenco, que obtuvo el 37,81%. Torres Guette y su programa de gobierno se enfoca \ud83e\udd1d","inLanguage":"es-CO","isPartOf":{"@id":"https:\/\/dinamicastereo.com\/#website"},"breadcrumb":{"@id":"https:\/\/dinamicastereo.com\/index.php\/2024\/01\/05\/vanessa-torres-guette-alcaldesa-24-27-de-campo-de-la-cruz\/#breadcrumblist"},"author":{"@id":"https:\/\/dinamicastereo.com\/index.php\/author\/dinamicastereo-com\/#author"},"creator":{"@id":"https:\/\/dinamicastereo.com\/index.php\/author\/dinamicastereo-com\/#author"},"image":{"@type":"ImageObject","url":"https:\/\/dinamicastereo.com\/wp-content\/uploads\/2024\/01\/vanessa-torres.png","@id":"https:\/\/dinamicastereo.com\/index.php\/2024\/01\/05\/vanessa-torres-guette-alcaldesa-24-27-de-campo-de-la-cruz\/#mainImage","width":476,"height":449},"primaryImageOfPage":{"@id":"https:\/\/dinamicastereo.com\/index.php\/2024\/01\/05\/vanessa-torres-guette-alcaldesa-24-27-de-campo-de-la-cruz\/#mainImage"},"datePublished":"2024-01-05T03:56:26+00:00","dateModified":"2024-03-23T16:18:56+00:00"},{"@type":"WebSite","@id":"https:\/\/dinamicastereo.com\/#website","url":"https:\/\/dinamicastereo.com\/","name":"dinamicastereo.com","description":"Emisora Comunitaria de Campo de la Cruz, Atlco, Col.","inLanguage":"es-CO","publisher":{"@id":"https:\/\/dinamicastereo.com\/#organization"}}]},"og:locale":"es_ES","og:site_name":"Din\u00e1mica Stereo 101.6 FM (HKB80) - Emisora Comunitaria de Campo de la Cruz, Atlco, Col.","og:type":"article","og:title":"Vanessa Torres Guette, Alcaldesa 24\/27 de Campo de la Cruz. - \ud83d\udc4d septiembre 6, 2026","og:description":"La nueva alcaldesa de Campo de la Cruz, un municipio del departamento del Atl\u00e1ntico, al norte de Colombia. Fue elegida el pasado 29 de octubre de 2023 con el 60,31% de los votos, superando ampliamente a su rival Jos\u00e9 de Le\u00f3n Marenco, que obtuvo el 37,81%. Torres Guette y su programa de gobierno se enfoca \ud83e\udd1d","og:url":"https:\/\/dinamicastereo.com\/index.php\/2024\/01\/05\/vanessa-torres-guette-alcaldesa-24-27-de-campo-de-la-cruz\/","og:image":"https:\/\/dinamicastereo.com\/wp-content\/uploads\/2024\/01\/vanessa-torres.png","og:image:secure_url":"https:\/\/dinamicastereo.com\/wp-content\/uploads\/2024\/01\/vanessa-torres.png","og:image:width":476,"og:image:height":449,"article:published_time":"2024-01-05T03:56:26+00:00","article:modified_time":"2024-03-23T16:18:56+00:00","article:publisher":"https:\/\/www.facebook.com\/dinamicastereo\/","twitter:card":"summary_large_image","twitter:site":"@DinamicaStereo","twitter:title":"Vanessa Torres Guette, Alcaldesa 24\/27 de Campo de la Cruz. - \ud83d\udc4d septiembre 6, 2026","twitter:description":"La nueva alcaldesa de Campo de la Cruz, un municipio del departamento del Atl\u00e1ntico, al norte de Colombia. Fue elegida el pasado 29 de octubre de 2023 con el 60,31% de los votos, superando ampliamente a su rival Jos\u00e9 de Le\u00f3n Marenco, que obtuvo el 37,81%. Torres Guette y su programa de gobierno se enfoca \ud83e\udd1d","twitter:creator":"@DinamicaStereo","twitter:image":"https:\/\/dinamicastereo.com\/wp-content\/uploads\/2024\/01\/vanessa-torres.png"},"aioseo_meta_data":{"post_id":"49","title":null,"description":null,"keywords":[],"keyphrases":{"focus":{"keyphrase":"","score":0,"analysis":{"keyphraseInTitle":{"score":0,"maxScore":9,"error":1}}},"additional":[]},"primary_term":null,"canonical_url":null,"og_title":null,"og_description":null,"og_object_type":"default","og_image_type":"default","og_image_url":null,"og_image_width":null,"og_image_height":null,"og_image_custom_url":null,"og_image_custom_fields":null,"og_video":"","og_custom_url":null,"og_article_section":null,"og_article_tags":[],"twitter_use_og":false,"twitter_card":"default","twitter_image_type":"default","twitter_image_url":null,"twitter_image_custom_url":null,"twitter_image_custom_fields":null,"twitter_title":null,"twitter_description":null,"schema":{"blockGraphs":[],"customGraphs":[],"default":{"data":{"Article":[],"Course":[],"Dataset":[],"FAQPage":[],"Movie":[],"Person":[],"Product":[],"ProductReview":[],"Car":[],"Recipe":[],"Service":[],"SoftwareApplication":[],"WebPage":[]},"graphName":"BlogPosting","isEnabled":true},"graphs":[]},"schema_type":"default","schema_type_options":null,"pillar_content":false,"robots_default":true,"robots_noindex":false,"robots_noarchive":false,"robots_nosnippet":false,"robots_nofollow":false,"robots_noimageindex":false,"robots_noodp":false,"robots_notranslate":false,"robots_max_snippet":"-1","robots_max_videopreview":"-1","robots_max_imagepreview":"large","priority":null,"frequency":"default","local_seo":null,"breadcrumb_settings":null,"limit_modified_date":false,"ai":null,"created":"2024-01-05 03:56:26","updated":"2025-06-18 21:10:15","focus_keyword":null,"additional_keywords":null,"truseo_locale":null,"seo_analyzer_scan_date":null},"aioseo_breadcrumb":"<div class=\"aioseo-breadcrumbs\"><span class=\"aioseo-breadcrumb\">\n\t\t\t<a href=\"https:\/\/dinamicastereo.com\" title=\"Home\">Home<\/a>\n\t\t<\/span><span class=\"aioseo-breadcrumb-separator\">\u25ba<\/span><span class=\"aioseo-breadcrumb\">\n\t\t\t<a href=\"https:\/\/dinamicastereo.com\/index.php\/category\/blog\/\" title=\"Blog\">Blog<\/a>\n\t\t<\/span><span class=\"aioseo-breadcrumb-separator\">\u25ba<\/span><span class=\"aioseo-breadcrumb\">\n\t\t\tVanessa Torres Guette, Alcaldesa 24\/27 de Campo de la Cruz.\n\t\t<\/span><\/div>","aioseo_breadcrumb_json":[{"label":"Home","link":"https:\/\/dinamicastereo.com"},{"label":"Blog","link":"https:\/\/dinamicastereo.com\/index.php\/category\/blog\/"},{"label":"Vanessa Torres Guette, Alcaldesa 24\/27 de Campo de la Cruz.","link":"https:\/\/dinamicastereo.com\/index.php\/2024\/01\/05\/vanessa-torres-guette-alcaldesa-24-27-de-campo-de-la-cruz\/"}],"_links":{"self":[{"href":"https:\/\/dinamicastereo.com\/index.php\/wp-json\/wp\/v2\/posts\/49","targetHints":{"allow":["GET"]}}],"collection":[{"href":"https:\/\/dinamicastereo.com\/index.php\/wp-json\/wp\/v2\/posts"}],"about":[{"href":"https:\/\/dinamicastereo.com\/index.php\/wp-json\/wp\/v2\/types\/post"}],"author":[{"embeddable":true,"href":"https:\/\/dinamicastereo.com\/index.php\/wp-json\/wp\/v2\/users\/1"}],"replies":[{"embeddable":true,"href":"https:\/\/dinamicastereo.com\/index.php\/wp-json\/wp\/v2\/comments?post=49"}],"version-history":[{"count":1,"href":"https:\/\/dinamicastereo.com\/index.php\/wp-json\/wp\/v2\/posts\/49\/revisions"}],"predecessor-version":[{"id":50,"href":"https:\/\/dinamicastereo.com\/index.php\/wp-json\/wp\/v2\/posts\/49\/revisions\/50"}],"wp:featuredmedia":[{"embeddable":true,"href":"https:\/\/dinamicastereo.com\/index.php\/wp-json\/wp\/v2\/media\/47"}],"wp:attachment":[{"href":"https:\/\/dinamicastereo.com\/index.php\/wp-json\/wp\/v2\/media?parent=49"}],"wp:term":[{"taxonomy":"category","embeddable":true,"href":"https:\/\/dinamicastereo.com\/index.php\/wp-json\/wp\/v2\/categories?post=49"},{"taxonomy":"post_tag","embeddable":true,"href":"https:\/\/dinamicastereo.com\/index.php\/wp-json\/wp\/v2\/tags?post=49"}],"curies":[{"name":"wp","href":"https:\/\/api.w.org\/{rel}","templated":true}]}}