{"id":340,"date":"2026-04-18T23:37:58","date_gmt":"2026-04-18T23:37:58","guid":{"rendered":"https:\/\/dinamicastereo.com\/?p=340"},"modified":"2026-04-19T00:03:05","modified_gmt":"2026-04-19T00:03:05","slug":"festival-de-la-decima-improvisada-2026","status":"publish","type":"post","link":"https:\/\/dinamicastereo.com\/index.php\/2026\/04\/18\/festival-de-la-decima-improvisada-2026\/","title":{"rendered":"XVIII FESTIVAL DE LA DECIMA IMPROVISADA 2026."},"content":{"rendered":"\n<p class=\"wp-block-paragraph\">Este 8 y 9 de Mayo del 2026 en la plaza principal de Campo de la Cruz, Atlco, Col.<\/p>\n\n\n\n<figure class=\"wp-block-image size-full\"><img decoding=\"async\" width=\"819\" height=\"602\" src=\"https:\/\/dinamicastereo.com\/wp-content\/uploads\/2026\/04\/decima-2-1.jpg\" alt=\"\" class=\"wp-image-351\" srcset=\"https:\/\/dinamicastereo.com\/wp-content\/uploads\/2026\/04\/decima-2-1.jpg 819w, https:\/\/dinamicastereo.com\/wp-content\/uploads\/2026\/04\/decima-2-1-300x221.jpg 300w, https:\/\/dinamicastereo.com\/wp-content\/uploads\/2026\/04\/decima-2-1-768x565.jpg 768w, https:\/\/dinamicastereo.com\/wp-content\/uploads\/2026\/04\/decima-2-1-720x530.jpg 720w\" sizes=\"(max-width: 819px) 100vw, 819px\" \/><\/figure>\n\n\n\n<p class=\"wp-block-paragraph\">El Gran<strong> Festival Nacional de la D\u00e9cima Improvisada<\/strong> se llevar\u00e1 a cabo este <strong>8 y 9 de mayo del 2026<\/strong>, en la <strong>Plaza Principal de Campo de la Cruz<\/strong>, a partir de las 6:00 pm. (<strong>NO TE LO PUEDES PERDER<\/strong>) Este evento contar\u00e1 con la participaci\u00f3n de numerosos decimeros de distintas partes del Atl\u00e1ntico y el pa\u00eds en disputa de Trofeos y Premios monetarios. <\/p>\n\n\n\n<p class=\"wp-block-paragraph\">Durante el encuentro, los decimeros competir\u00e1n en diferentes modalidades, <strong>Dos Con Dos, Pie Forzado, Piqu\u00e9ria<\/strong> entre otros.<\/p>\n\n\n\n<figure class=\"wp-block-image size-full\"><img decoding=\"async\" width=\"387\" height=\"380\" src=\"https:\/\/dinamicastereo.com\/wp-content\/uploads\/2026\/04\/decima-3-2.jpg\" alt=\"\" class=\"wp-image-344\" srcset=\"https:\/\/dinamicastereo.com\/wp-content\/uploads\/2026\/04\/decima-3-2.jpg 387w, https:\/\/dinamicastereo.com\/wp-content\/uploads\/2026\/04\/decima-3-2-300x295.jpg 300w\" sizes=\"(max-width: 387px) 100vw, 387px\" \/><\/figure>\n\n\n\n<p class=\"wp-block-paragraph\">La gesti\u00f3n administrativa de parte de la directiva de la <strong>Fundaci\u00f3n Nacional de la Decima Improvisada<\/strong>, ha sido ardua, incansable, insistente y ejemplarizante con el fin de lograr el objetivo. Un evento cultural que resalta el esp\u00edritu altruista Campocrucense  para el mundo. <\/p>\n\n\n\n<p class=\"wp-block-paragraph\">Se agradece la participaci\u00f3n de la Alcald\u00eda Municipal de Campo de la Cruz, Gobernaci\u00f3n del Atl\u00e1ntico y Ministerio de Cultura Nacional.<\/p>\n\n\n\n<figure class=\"wp-block-video\"><video height=\"360\" style=\"aspect-ratio: 490 \/ 360;\" width=\"490\" controls src=\"https:\/\/dinamicastereo.com\/wp-content\/uploads\/2026\/04\/Decimas-desde-Campo-de-la-Cruz.mp4\"><\/video><\/figure>\n\n\n\n<p class=\"wp-block-paragraph\">Documental Decimero desde Campo de la Cruz, tomado del canal de YouTube Julio Adolfo Charris, emitido por Canal regional de TV Telecaribe.<\/p>\n","protected":false},"excerpt":{"rendered":"<p>Este 8 y 9 de Mayo del 2026 en la plaza principal de Campo de la Cruz, Atlco,<\/p>\n","protected":false},"author":1,"featured_media":351,"comment_status":"closed","ping_status":"open","sticky":false,"template":"","format":"standard","meta":{"om_disable_all_campaigns":false,"_monsterinsights_skip_tracking":false,"_kadence_starter_templates_imported_post":false,"_joinchat":[],"footnotes":""},"categories":[6,5,9],"tags":[],"class_list":["post-340","post","type-post","status-publish","format-standard","has-post-thumbnail","hentry","category-destacado","category-noticia","category-redes"],"aioseo_notices":[],"aioseo_head":"\n\t\t<!-- All in One SEO 5.0.0.1 - aioseo.com -->\n\t<meta name=\"description\" content=\"Este 8 y 9 de Mayo del 2026 en la plaza principal de Campo de la Cruz, Atlco, Col. El Gran Festival Nacional de la D\u00e9cima Improvisada se llevar\u00e1 a cabo este 8 y 9 de mayo del 2026, en la Plaza Principal de Campo de la Cruz, a partir de las 6:00 pm. (NO \ud83e\udd1d\" \/>\n\t<meta name=\"robots\" content=\"max-image-preview:large\" \/>\n\t<meta name=\"author\" content=\"dinamicastereo.com\"\/>\n\t<meta name=\"google-site-verification\" content=\"RTbwPdCdlPE9ev7OjXGLk3kH-lj4gpOaxwbReNEfeLo\" \/>\n\t<meta name=\"msvalidate.01\" content=\"9E15B23CA8ABCE4DB6AF7DA9AB164B24\" \/>\n\t<link rel=\"canonical\" href=\"https:\/\/dinamicastereo.com\/index.php\/2026\/04\/18\/festival-de-la-decima-improvisada-2026\/\" \/>\n\t<meta name=\"generator\" content=\"All in One SEO (AIOSEO) 5.0.0.1\" \/>\n\t\t<meta property=\"og:locale\" content=\"es_ES\" \/>\n\t\t<meta property=\"og:site_name\" content=\"Din\u00e1mica Stereo 101.6 FM (HKB80) - Emisora Comunitaria de Campo de la Cruz, Atlco, Col.\" \/>\n\t\t<meta property=\"og:type\" content=\"article\" \/>\n\t\t<meta property=\"og:title\" content=\"XVIII FESTIVAL DE LA DECIMA IMPROVISADA 2026. - \ud83d\udc4d septiembre 5, 2026\" \/>\n\t\t<meta property=\"og:description\" content=\"Este 8 y 9 de Mayo del 2026 en la plaza principal de Campo de la Cruz, Atlco, Col. El Gran Festival Nacional de la D\u00e9cima Improvisada se llevar\u00e1 a cabo este 8 y 9 de mayo del 2026, en la Plaza Principal de Campo de la Cruz, a partir de las 6:00 pm. (NO \ud83e\udd1d\" \/>\n\t\t<meta property=\"og:url\" content=\"https:\/\/dinamicastereo.com\/index.php\/2026\/04\/18\/festival-de-la-decima-improvisada-2026\/\" \/>\n\t\t<meta property=\"og:image\" content=\"https:\/\/dinamicastereo.com\/wp-content\/uploads\/2026\/04\/decima-2-1.jpg\" \/>\n\t\t<meta property=\"og:image:secure_url\" content=\"https:\/\/dinamicastereo.com\/wp-content\/uploads\/2026\/04\/decima-2-1.jpg\" \/>\n\t\t<meta property=\"og:image:width\" content=\"819\" \/>\n\t\t<meta property=\"og:image:height\" content=\"602\" \/>\n\t\t<meta property=\"article:published_time\" content=\"2026-04-18T23:37:58+00:00\" \/>\n\t\t<meta property=\"article:modified_time\" content=\"2026-04-19T00:03:05+00:00\" \/>\n\t\t<meta property=\"article:publisher\" content=\"https:\/\/www.facebook.com\/dinamicastereo\/\" \/>\n\t\t<meta name=\"twitter:card\" content=\"summary_large_image\" \/>\n\t\t<meta name=\"twitter:site\" content=\"@DinamicaStereo\" \/>\n\t\t<meta name=\"twitter:title\" content=\"XVIII FESTIVAL DE LA DECIMA IMPROVISADA 2026. - \ud83d\udc4d septiembre 5, 2026\" \/>\n\t\t<meta name=\"twitter:description\" content=\"Este 8 y 9 de Mayo del 2026 en la plaza principal de Campo de la Cruz, Atlco, Col. El Gran Festival Nacional de la D\u00e9cima Improvisada se llevar\u00e1 a cabo este 8 y 9 de mayo del 2026, en la Plaza Principal de Campo de la Cruz, a partir de las 6:00 pm. (NO \ud83e\udd1d\" \/>\n\t\t<meta name=\"twitter:creator\" content=\"@DinamicaStereo\" \/>\n\t\t<meta name=\"twitter:image\" content=\"https:\/\/dinamicastereo.com\/wp-content\/uploads\/2026\/04\/decima-2-1.jpg\" \/>\n\t\t<script type=\"application\/ld+json\" class=\"aioseo-schema\">\n\t\t\t{\"@context\":\"https:\\\/\\\/schema.org\",\"@graph\":[{\"@type\":\"BlogPosting\",\"@id\":\"https:\\\/\\\/dinamicastereo.com\\\/index.php\\\/2026\\\/04\\\/18\\\/festival-de-la-decima-improvisada-2026\\\/#blogposting\",\"name\":\"XVIII FESTIVAL DE LA DECIMA IMPROVISADA 2026. - \\ud83d\\udc4d septiembre 5, 2026\",\"headline\":\"XVIII FESTIVAL DE LA DECIMA IMPROVISADA 2026.\",\"author\":{\"@id\":\"https:\\\/\\\/dinamicastereo.com\\\/index.php\\\/author\\\/dinamicastereo-com\\\/#author\"},\"publisher\":{\"@id\":\"https:\\\/\\\/dinamicastereo.com\\\/#organization\"},\"image\":{\"@type\":\"ImageObject\",\"url\":\"https:\\\/\\\/dinamicastereo.com\\\/wp-content\\\/uploads\\\/2026\\\/04\\\/decima-2-1.jpg\",\"width\":819,\"height\":602},\"datePublished\":\"2026-04-18T23:37:58+00:00\",\"dateModified\":\"2026-04-19T00:03:05+00:00\",\"inLanguage\":\"es-CO\",\"mainEntityOfPage\":{\"@id\":\"https:\\\/\\\/dinamicastereo.com\\\/index.php\\\/2026\\\/04\\\/18\\\/festival-de-la-decima-improvisada-2026\\\/#webpage\"},\"isPartOf\":{\"@id\":\"https:\\\/\\\/dinamicastereo.com\\\/index.php\\\/2026\\\/04\\\/18\\\/festival-de-la-decima-improvisada-2026\\\/#webpage\"},\"articleSection\":\"Destacado, Noticia, Redes Sociales\"},{\"@type\":\"BreadcrumbList\",\"@id\":\"https:\\\/\\\/dinamicastereo.com\\\/index.php\\\/2026\\\/04\\\/18\\\/festival-de-la-decima-improvisada-2026\\\/#breadcrumblist\",\"itemListElement\":[{\"@type\":\"ListItem\",\"@id\":\"https:\\\/\\\/dinamicastereo.com#listItem\",\"position\":1,\"name\":\"Home\",\"item\":\"https:\\\/\\\/dinamicastereo.com\",\"nextItem\":{\"@type\":\"ListItem\",\"@id\":\"https:\\\/\\\/dinamicastereo.com\\\/index.php\\\/category\\\/noticia\\\/#listItem\",\"name\":\"Noticia\"}},{\"@type\":\"ListItem\",\"@id\":\"https:\\\/\\\/dinamicastereo.com\\\/index.php\\\/category\\\/noticia\\\/#listItem\",\"position\":2,\"name\":\"Noticia\",\"item\":\"https:\\\/\\\/dinamicastereo.com\\\/index.php\\\/category\\\/noticia\\\/\",\"nextItem\":{\"@type\":\"ListItem\",\"@id\":\"https:\\\/\\\/dinamicastereo.com\\\/index.php\\\/2026\\\/04\\\/18\\\/festival-de-la-decima-improvisada-2026\\\/#listItem\",\"name\":\"XVIII FESTIVAL DE LA DECIMA IMPROVISADA 2026.\"},\"previousItem\":{\"@type\":\"ListItem\",\"@id\":\"https:\\\/\\\/dinamicastereo.com#listItem\",\"name\":\"Home\"}},{\"@type\":\"ListItem\",\"@id\":\"https:\\\/\\\/dinamicastereo.com\\\/index.php\\\/2026\\\/04\\\/18\\\/festival-de-la-decima-improvisada-2026\\\/#listItem\",\"position\":3,\"name\":\"XVIII FESTIVAL DE LA DECIMA IMPROVISADA 2026.\",\"previousItem\":{\"@type\":\"ListItem\",\"@id\":\"https:\\\/\\\/dinamicastereo.com\\\/index.php\\\/category\\\/noticia\\\/#listItem\",\"name\":\"Noticia\"}}]},{\"@type\":\"Organization\",\"@id\":\"https:\\\/\\\/dinamicastereo.com\\\/#organization\",\"name\":\"dinamicastereo.com\",\"description\":\"Emisora Comunitaria de Campo de la Cruz, Atlco, Col.\",\"url\":\"https:\\\/\\\/dinamicastereo.com\\\/\",\"telephone\":\"+573006258259\",\"logo\":{\"@type\":\"ImageObject\",\"url\":\"https:\\\/\\\/dinamicastereo.com\\\/wp-content\\\/uploads\\\/2023\\\/12\\\/Dinamica-ST-ok.png\",\"@id\":\"https:\\\/\\\/dinamicastereo.com\\\/index.php\\\/2026\\\/04\\\/18\\\/festival-de-la-decima-improvisada-2026\\\/#organizationLogo\",\"width\":640,\"height\":640},\"image\":{\"@id\":\"https:\\\/\\\/dinamicastereo.com\\\/index.php\\\/2026\\\/04\\\/18\\\/festival-de-la-decima-improvisada-2026\\\/#organizationLogo\"},\"sameAs\":[\"https:\\\/\\\/www.facebook.com\\\/dinamicastereo\\\/\",\"https:\\\/\\\/twitter.com\\\/DinamicaStereo\",\"https:\\\/\\\/www.instagram.com\\\/dinamicafmstereo\\\/?hl=it\"]},{\"@type\":\"Person\",\"@id\":\"https:\\\/\\\/dinamicastereo.com\\\/index.php\\\/author\\\/dinamicastereo-com\\\/#author\",\"url\":\"https:\\\/\\\/dinamicastereo.com\\\/index.php\\\/author\\\/dinamicastereo-com\\\/\",\"name\":\"dinamicastereo.com\",\"image\":{\"@type\":\"ImageObject\",\"@id\":\"https:\\\/\\\/dinamicastereo.com\\\/index.php\\\/2026\\\/04\\\/18\\\/festival-de-la-decima-improvisada-2026\\\/#authorImage\",\"url\":\"https:\\\/\\\/secure.gravatar.com\\\/avatar\\\/c789a1cde33752ad1bad6594c409c57f58eb67241781a41346d3fef1805556cc?s=96&d=mm&r=g\",\"width\":96,\"height\":96,\"caption\":\"dinamicastereo.com\"}},{\"@type\":\"WebPage\",\"@id\":\"https:\\\/\\\/dinamicastereo.com\\\/index.php\\\/2026\\\/04\\\/18\\\/festival-de-la-decima-improvisada-2026\\\/#webpage\",\"url\":\"https:\\\/\\\/dinamicastereo.com\\\/index.php\\\/2026\\\/04\\\/18\\\/festival-de-la-decima-improvisada-2026\\\/\",\"name\":\"XVIII FESTIVAL DE LA DECIMA IMPROVISADA 2026. - \\ud83d\\udc4d septiembre 5, 2026\",\"description\":\"Este 8 y 9 de Mayo del 2026 en la plaza principal de Campo de la Cruz, Atlco, Col. El Gran Festival Nacional de la D\\u00e9cima Improvisada se llevar\\u00e1 a cabo este 8 y 9 de mayo del 2026, en la Plaza Principal de Campo de la Cruz, a partir de las 6:00 pm. (NO \\ud83e\\udd1d\",\"inLanguage\":\"es-CO\",\"isPartOf\":{\"@id\":\"https:\\\/\\\/dinamicastereo.com\\\/#website\"},\"breadcrumb\":{\"@id\":\"https:\\\/\\\/dinamicastereo.com\\\/index.php\\\/2026\\\/04\\\/18\\\/festival-de-la-decima-improvisada-2026\\\/#breadcrumblist\"},\"author\":{\"@id\":\"https:\\\/\\\/dinamicastereo.com\\\/index.php\\\/author\\\/dinamicastereo-com\\\/#author\"},\"creator\":{\"@id\":\"https:\\\/\\\/dinamicastereo.com\\\/index.php\\\/author\\\/dinamicastereo-com\\\/#author\"},\"image\":{\"@type\":\"ImageObject\",\"url\":\"https:\\\/\\\/dinamicastereo.com\\\/wp-content\\\/uploads\\\/2026\\\/04\\\/decima-2-1.jpg\",\"@id\":\"https:\\\/\\\/dinamicastereo.com\\\/index.php\\\/2026\\\/04\\\/18\\\/festival-de-la-decima-improvisada-2026\\\/#mainImage\",\"width\":819,\"height\":602},\"primaryImageOfPage\":{\"@id\":\"https:\\\/\\\/dinamicastereo.com\\\/index.php\\\/2026\\\/04\\\/18\\\/festival-de-la-decima-improvisada-2026\\\/#mainImage\"},\"datePublished\":\"2026-04-18T23:37:58+00:00\",\"dateModified\":\"2026-04-19T00:03:05+00:00\"},{\"@type\":\"WebSite\",\"@id\":\"https:\\\/\\\/dinamicastereo.com\\\/#website\",\"url\":\"https:\\\/\\\/dinamicastereo.com\\\/\",\"name\":\"dinamicastereo.com\",\"description\":\"Emisora Comunitaria de Campo de la Cruz, Atlco, Col.\",\"inLanguage\":\"es-CO\",\"publisher\":{\"@id\":\"https:\\\/\\\/dinamicastereo.com\\\/#organization\"}}]}\n\t\t<\/script>\n\t\t<!-- All in One SEO -->\n\n","aioseo_head_json":{"title":"XVIII FESTIVAL DE LA DECIMA IMPROVISADA 2026. - \ud83d\udc4d septiembre 5, 2026","description":"Este 8 y 9 de Mayo del 2026 en la plaza principal de Campo de la Cruz, Atlco, Col. El Gran Festival Nacional de la D\u00e9cima Improvisada se llevar\u00e1 a cabo este 8 y 9 de mayo del 2026, en la Plaza Principal de Campo de la Cruz, a partir de las 6:00 pm. (NO \ud83e\udd1d","canonical_url":"https:\/\/dinamicastereo.com\/index.php\/2026\/04\/18\/festival-de-la-decima-improvisada-2026\/","robots":"max-image-preview:large","keywords":"","webmasterTools":{"google-site-verification":"RTbwPdCdlPE9ev7OjXGLk3kH-lj4gpOaxwbReNEfeLo","msvalidate.01":"9E15B23CA8ABCE4DB6AF7DA9AB164B24","miscellaneous":""},"schema":{"@context":"https:\/\/schema.org","@graph":[{"@type":"BlogPosting","@id":"https:\/\/dinamicastereo.com\/index.php\/2026\/04\/18\/festival-de-la-decima-improvisada-2026\/#blogposting","name":"XVIII FESTIVAL DE LA DECIMA IMPROVISADA 2026. - \ud83d\udc4d septiembre 5, 2026","headline":"XVIII FESTIVAL DE LA DECIMA IMPROVISADA 2026.","author":{"@id":"https:\/\/dinamicastereo.com\/index.php\/author\/dinamicastereo-com\/#author"},"publisher":{"@id":"https:\/\/dinamicastereo.com\/#organization"},"image":{"@type":"ImageObject","url":"https:\/\/dinamicastereo.com\/wp-content\/uploads\/2026\/04\/decima-2-1.jpg","width":819,"height":602},"datePublished":"2026-04-18T23:37:58+00:00","dateModified":"2026-04-19T00:03:05+00:00","inLanguage":"es-CO","mainEntityOfPage":{"@id":"https:\/\/dinamicastereo.com\/index.php\/2026\/04\/18\/festival-de-la-decima-improvisada-2026\/#webpage"},"isPartOf":{"@id":"https:\/\/dinamicastereo.com\/index.php\/2026\/04\/18\/festival-de-la-decima-improvisada-2026\/#webpage"},"articleSection":"Destacado, Noticia, Redes Sociales"},{"@type":"BreadcrumbList","@id":"https:\/\/dinamicastereo.com\/index.php\/2026\/04\/18\/festival-de-la-decima-improvisada-2026\/#breadcrumblist","itemListElement":[{"@type":"ListItem","@id":"https:\/\/dinamicastereo.com#listItem","position":1,"name":"Home","item":"https:\/\/dinamicastereo.com","nextItem":{"@type":"ListItem","@id":"https:\/\/dinamicastereo.com\/index.php\/category\/noticia\/#listItem","name":"Noticia"}},{"@type":"ListItem","@id":"https:\/\/dinamicastereo.com\/index.php\/category\/noticia\/#listItem","position":2,"name":"Noticia","item":"https:\/\/dinamicastereo.com\/index.php\/category\/noticia\/","nextItem":{"@type":"ListItem","@id":"https:\/\/dinamicastereo.com\/index.php\/2026\/04\/18\/festival-de-la-decima-improvisada-2026\/#listItem","name":"XVIII FESTIVAL DE LA DECIMA IMPROVISADA 2026."},"previousItem":{"@type":"ListItem","@id":"https:\/\/dinamicastereo.com#listItem","name":"Home"}},{"@type":"ListItem","@id":"https:\/\/dinamicastereo.com\/index.php\/2026\/04\/18\/festival-de-la-decima-improvisada-2026\/#listItem","position":3,"name":"XVIII FESTIVAL DE LA DECIMA IMPROVISADA 2026.","previousItem":{"@type":"ListItem","@id":"https:\/\/dinamicastereo.com\/index.php\/category\/noticia\/#listItem","name":"Noticia"}}]},{"@type":"Organization","@id":"https:\/\/dinamicastereo.com\/#organization","name":"dinamicastereo.com","description":"Emisora Comunitaria de Campo de la Cruz, Atlco, Col.","url":"https:\/\/dinamicastereo.com\/","telephone":"+573006258259","logo":{"@type":"ImageObject","url":"https:\/\/dinamicastereo.com\/wp-content\/uploads\/2023\/12\/Dinamica-ST-ok.png","@id":"https:\/\/dinamicastereo.com\/index.php\/2026\/04\/18\/festival-de-la-decima-improvisada-2026\/#organizationLogo","width":640,"height":640},"image":{"@id":"https:\/\/dinamicastereo.com\/index.php\/2026\/04\/18\/festival-de-la-decima-improvisada-2026\/#organizationLogo"},"sameAs":["https:\/\/www.facebook.com\/dinamicastereo\/","https:\/\/twitter.com\/DinamicaStereo","https:\/\/www.instagram.com\/dinamicafmstereo\/?hl=it"]},{"@type":"Person","@id":"https:\/\/dinamicastereo.com\/index.php\/author\/dinamicastereo-com\/#author","url":"https:\/\/dinamicastereo.com\/index.php\/author\/dinamicastereo-com\/","name":"dinamicastereo.com","image":{"@type":"ImageObject","@id":"https:\/\/dinamicastereo.com\/index.php\/2026\/04\/18\/festival-de-la-decima-improvisada-2026\/#authorImage","url":"https:\/\/secure.gravatar.com\/avatar\/c789a1cde33752ad1bad6594c409c57f58eb67241781a41346d3fef1805556cc?s=96&d=mm&r=g","width":96,"height":96,"caption":"dinamicastereo.com"}},{"@type":"WebPage","@id":"https:\/\/dinamicastereo.com\/index.php\/2026\/04\/18\/festival-de-la-decima-improvisada-2026\/#webpage","url":"https:\/\/dinamicastereo.com\/index.php\/2026\/04\/18\/festival-de-la-decima-improvisada-2026\/","name":"XVIII FESTIVAL DE LA DECIMA IMPROVISADA 2026. - \ud83d\udc4d septiembre 5, 2026","description":"Este 8 y 9 de Mayo del 2026 en la plaza principal de Campo de la Cruz, Atlco, Col. El Gran Festival Nacional de la D\u00e9cima Improvisada se llevar\u00e1 a cabo este 8 y 9 de mayo del 2026, en la Plaza Principal de Campo de la Cruz, a partir de las 6:00 pm. (NO \ud83e\udd1d","inLanguage":"es-CO","isPartOf":{"@id":"https:\/\/dinamicastereo.com\/#website"},"breadcrumb":{"@id":"https:\/\/dinamicastereo.com\/index.php\/2026\/04\/18\/festival-de-la-decima-improvisada-2026\/#breadcrumblist"},"author":{"@id":"https:\/\/dinamicastereo.com\/index.php\/author\/dinamicastereo-com\/#author"},"creator":{"@id":"https:\/\/dinamicastereo.com\/index.php\/author\/dinamicastereo-com\/#author"},"image":{"@type":"ImageObject","url":"https:\/\/dinamicastereo.com\/wp-content\/uploads\/2026\/04\/decima-2-1.jpg","@id":"https:\/\/dinamicastereo.com\/index.php\/2026\/04\/18\/festival-de-la-decima-improvisada-2026\/#mainImage","width":819,"height":602},"primaryImageOfPage":{"@id":"https:\/\/dinamicastereo.com\/index.php\/2026\/04\/18\/festival-de-la-decima-improvisada-2026\/#mainImage"},"datePublished":"2026-04-18T23:37:58+00:00","dateModified":"2026-04-19T00:03:05+00:00"},{"@type":"WebSite","@id":"https:\/\/dinamicastereo.com\/#website","url":"https:\/\/dinamicastereo.com\/","name":"dinamicastereo.com","description":"Emisora Comunitaria de Campo de la Cruz, Atlco, Col.","inLanguage":"es-CO","publisher":{"@id":"https:\/\/dinamicastereo.com\/#organization"}}]},"og:locale":"es_ES","og:site_name":"Din\u00e1mica Stereo 101.6 FM (HKB80) - Emisora Comunitaria de Campo de la Cruz, Atlco, Col.","og:type":"article","og:title":"XVIII FESTIVAL DE LA DECIMA IMPROVISADA 2026. - \ud83d\udc4d septiembre 5, 2026","og:description":"Este 8 y 9 de Mayo del 2026 en la plaza principal de Campo de la Cruz, Atlco, Col. El Gran Festival Nacional de la D\u00e9cima Improvisada se llevar\u00e1 a cabo este 8 y 9 de mayo del 2026, en la Plaza Principal de Campo de la Cruz, a partir de las 6:00 pm. (NO \ud83e\udd1d","og:url":"https:\/\/dinamicastereo.com\/index.php\/2026\/04\/18\/festival-de-la-decima-improvisada-2026\/","og:image":"https:\/\/dinamicastereo.com\/wp-content\/uploads\/2026\/04\/decima-2-1.jpg","og:image:secure_url":"https:\/\/dinamicastereo.com\/wp-content\/uploads\/2026\/04\/decima-2-1.jpg","og:image:width":819,"og:image:height":602,"article:published_time":"2026-04-18T23:37:58+00:00","article:modified_time":"2026-04-19T00:03:05+00:00","article:publisher":"https:\/\/www.facebook.com\/dinamicastereo\/","twitter:card":"summary_large_image","twitter:site":"@DinamicaStereo","twitter:title":"XVIII FESTIVAL DE LA DECIMA IMPROVISADA 2026. - \ud83d\udc4d septiembre 5, 2026","twitter:description":"Este 8 y 9 de Mayo del 2026 en la plaza principal de Campo de la Cruz, Atlco, Col. El Gran Festival Nacional de la D\u00e9cima Improvisada se llevar\u00e1 a cabo este 8 y 9 de mayo del 2026, en la Plaza Principal de Campo de la Cruz, a partir de las 6:00 pm. (NO \ud83e\udd1d","twitter:creator":"@DinamicaStereo","twitter:image":"https:\/\/dinamicastereo.com\/wp-content\/uploads\/2026\/04\/decima-2-1.jpg"},"aioseo_meta_data":{"post_id":"340","title":null,"description":null,"keywords":null,"keyphrases":{"focus":[],"additional":[]},"primary_term":null,"canonical_url":null,"og_title":null,"og_description":null,"og_object_type":"default","og_image_type":"default","og_image_url":null,"og_image_width":null,"og_image_height":null,"og_image_custom_url":null,"og_image_custom_fields":null,"og_video":"","og_custom_url":null,"og_article_section":null,"og_article_tags":null,"twitter_use_og":false,"twitter_card":"default","twitter_image_type":"default","twitter_image_url":null,"twitter_image_custom_url":null,"twitter_image_custom_fields":null,"twitter_title":null,"twitter_description":null,"schema":{"blockGraphs":[],"customGraphs":[],"default":{"data":{"Article":[],"Course":[],"Dataset":[],"FAQPage":[],"Movie":[],"Person":[],"Product":[],"ProductReview":[],"Car":[],"Recipe":[],"Service":[],"SoftwareApplication":[],"WebPage":[]},"graphName":"BlogPosting","isEnabled":true},"graphs":[]},"schema_type":"default","schema_type_options":null,"pillar_content":false,"robots_default":true,"robots_noindex":false,"robots_noarchive":false,"robots_nosnippet":false,"robots_nofollow":false,"robots_noimageindex":false,"robots_noodp":false,"robots_notranslate":false,"robots_max_snippet":"-1","robots_max_videopreview":"-1","robots_max_imagepreview":"large","priority":null,"frequency":"default","local_seo":null,"breadcrumb_settings":null,"limit_modified_date":false,"ai":{"faqs":[],"keyPoints":[],"titles":[],"descriptions":[],"socialPosts":{"email":[],"linkedin":[],"twitter":[],"facebook":[],"instagram":[]}},"created":"2026-04-18 23:37:58","updated":"2026-08-12 16:25:02","focus_keyword":null,"additional_keywords":null,"truseo_locale":null,"seo_analyzer_scan_date":null},"aioseo_breadcrumb":"<div class=\"aioseo-breadcrumbs\"><span class=\"aioseo-breadcrumb\">\n\t\t\t<a href=\"https:\/\/dinamicastereo.com\" title=\"Home\">Home<\/a>\n\t\t<\/span><span class=\"aioseo-breadcrumb-separator\">\u25ba<\/span><span class=\"aioseo-breadcrumb\">\n\t\t\t<a href=\"https:\/\/dinamicastereo.com\/index.php\/category\/noticia\/\" title=\"Noticia\">Noticia<\/a>\n\t\t<\/span><span class=\"aioseo-breadcrumb-separator\">\u25ba<\/span><span class=\"aioseo-breadcrumb\">\n\t\t\tXVIII FESTIVAL DE LA DECIMA IMPROVISADA 2026.\n\t\t<\/span><\/div>","aioseo_breadcrumb_json":[{"label":"Home","link":"https:\/\/dinamicastereo.com"},{"label":"Noticia","link":"https:\/\/dinamicastereo.com\/index.php\/category\/noticia\/"},{"label":"XVIII FESTIVAL DE LA DECIMA IMPROVISADA 2026.","link":"https:\/\/dinamicastereo.com\/index.php\/2026\/04\/18\/festival-de-la-decima-improvisada-2026\/"}],"_links":{"self":[{"href":"https:\/\/dinamicastereo.com\/index.php\/wp-json\/wp\/v2\/posts\/340","targetHints":{"allow":["GET"]}}],"collection":[{"href":"https:\/\/dinamicastereo.com\/index.php\/wp-json\/wp\/v2\/posts"}],"about":[{"href":"https:\/\/dinamicastereo.com\/index.php\/wp-json\/wp\/v2\/types\/post"}],"author":[{"embeddable":true,"href":"https:\/\/dinamicastereo.com\/index.php\/wp-json\/wp\/v2\/users\/1"}],"replies":[{"embeddable":true,"href":"https:\/\/dinamicastereo.com\/index.php\/wp-json\/wp\/v2\/comments?post=340"}],"version-history":[{"count":7,"href":"https:\/\/dinamicastereo.com\/index.php\/wp-json\/wp\/v2\/posts\/340\/revisions"}],"predecessor-version":[{"id":357,"href":"https:\/\/dinamicastereo.com\/index.php\/wp-json\/wp\/v2\/posts\/340\/revisions\/357"}],"wp:featuredmedia":[{"embeddable":true,"href":"https:\/\/dinamicastereo.com\/index.php\/wp-json\/wp\/v2\/media\/351"}],"wp:attachment":[{"href":"https:\/\/dinamicastereo.com\/index.php\/wp-json\/wp\/v2\/media?parent=340"}],"wp:term":[{"taxonomy":"category","embeddable":true,"href":"https:\/\/dinamicastereo.com\/index.php\/wp-json\/wp\/v2\/categories?post=340"},{"taxonomy":"post_tag","embeddable":true,"href":"https:\/\/dinamicastereo.com\/index.php\/wp-json\/wp\/v2\/tags?post=340"}],"curies":[{"name":"wp","href":"https:\/\/api.w.org\/{rel}","templated":true}]}}