{"id":149,"date":"2024-01-15T00:07:27","date_gmt":"2024-01-15T00:07:27","guid":{"rendered":"https:\/\/dinamicastereo.com\/?p=149"},"modified":"2024-03-23T16:18:56","modified_gmt":"2024-03-23T16:18:56","slug":"covid-19-a-la-fecha-no-se-tiene-incremento-de-casos","status":"publish","type":"post","link":"https:\/\/dinamicastereo.com\/index.php\/2024\/01\/15\/covid-19-a-la-fecha-no-se-tiene-incremento-de-casos\/","title":{"rendered":"Covid-19 A la fecha no se tiene incremento de casos."},"content":{"rendered":"\n<p>Secretaria de Salud del Departamento del Atlantico.<\/p>\n\n\n\n<p>La secretaria de Salud del Atl\u00e1ntico, Alma Solano, inform\u00f3 que el departamento no ha registrado un incremento de casos por Covid-19 en las \u00faltimas semanas, a pesar de la temporada de fin de a\u00f1o y el inicio de la reactivaci\u00f3n econ\u00f3mica.<\/p>\n\n\n\n<p>Solano indic\u00f3 que el Atl\u00e1ntico tiene una ocupaci\u00f3n de camas UCI del 48%, lo que significa que hay disponibilidad para atender a los pacientes que lo requieran. Sin embargo, advirti\u00f3 que no se debe bajar la guardia y se deben mantener las medidas de bioseguridad como el uso de tapabocas, el lavado de manos y el distanciamiento social.<\/p>\n\n\n\n<p>La funcionaria tambi\u00e9n anunci\u00f3 que el departamento est\u00e1 preparado para recibir y distribuir las vacunas contra el Covid-19, una vez el Gobierno Nacional las env\u00ede. Seg\u00fan Solano, el Atl\u00e1ntico cuenta con una red de fr\u00edo con capacidad para almacenar m\u00e1s de 600 mil dosis y con un personal capacitado para aplicarlas.<\/p>\n\n\n\n<p>Finalmente, Solano hizo un llamado a la ciudadan\u00eda para que acuda a los puntos de atenci\u00f3n habilitados por la Gobernaci\u00f3n del Atl\u00e1ntico, donde se realizan pruebas gratuitas de Covid-19. Asimismo, record\u00f3 que las personas que presenten s\u00edntomas o hayan tenido contacto con casos positivos deben aislarse y reportarse a las l\u00edneas de atenci\u00f3n.<\/p>\n","protected":false},"excerpt":{"rendered":"<p>Secretaria de Salud del Departamento del Atlantico. La secretaria de Salud del Atl\u00e1ntico, Alma Solano, inform\u00f3 que el<\/p>\n","protected":false},"author":1,"featured_media":150,"comment_status":"closed","ping_status":"open","sticky":false,"template":"","format":"standard","meta":{"om_disable_all_campaigns":false,"_monsterinsights_skip_tracking":false,"_monsterinsights_sitenote_active":false,"_monsterinsights_sitenote_note":"","_monsterinsights_sitenote_category":0,"_kadence_starter_templates_imported_post":false,"_joinchat":[],"footnotes":""},"categories":[1,6,5],"tags":[],"class_list":["post-149","post","type-post","status-publish","format-standard","has-post-thumbnail","hentry","category-blog","category-destacado","category-noticia"],"aioseo_notices":[],"_links":{"self":[{"href":"https:\/\/dinamicastereo.com\/index.php\/wp-json\/wp\/v2\/posts\/149","targetHints":{"allow":["GET"]}}],"collection":[{"href":"https:\/\/dinamicastereo.com\/index.php\/wp-json\/wp\/v2\/posts"}],"about":[{"href":"https:\/\/dinamicastereo.com\/index.php\/wp-json\/wp\/v2\/types\/post"}],"author":[{"embeddable":true,"href":"https:\/\/dinamicastereo.com\/index.php\/wp-json\/wp\/v2\/users\/1"}],"replies":[{"embeddable":true,"href":"https:\/\/dinamicastereo.com\/index.php\/wp-json\/wp\/v2\/comments?post=149"}],"version-history":[{"count":1,"href":"https:\/\/dinamicastereo.com\/index.php\/wp-json\/wp\/v2\/posts\/149\/revisions"}],"predecessor-version":[{"id":151,"href":"https:\/\/dinamicastereo.com\/index.php\/wp-json\/wp\/v2\/posts\/149\/revisions\/151"}],"wp:featuredmedia":[{"embeddable":true,"href":"https:\/\/dinamicastereo.com\/index.php\/wp-json\/wp\/v2\/media\/150"}],"wp:attachment":[{"href":"https:\/\/dinamicastereo.com\/index.php\/wp-json\/wp\/v2\/media?parent=149"}],"wp:term":[{"taxonomy":"category","embeddable":true,"href":"https:\/\/dinamicastereo.com\/index.php\/wp-json\/wp\/v2\/categories?post=149"},{"taxonomy":"post_tag","embeddable":true,"href":"https:\/\/dinamicastereo.com\/index.php\/wp-json\/wp\/v2\/tags?post=149"}],"curies":[{"name":"wp","href":"https:\/\/api.w.org\/{rel}","templated":true}]}}